{"id":944,"date":"2026-09-01T12:49:17","date_gmt":"2026-09-01T12:49:17","guid":{"rendered":"https:\/\/www.fotora.org\/?p=944"},"modified":"2026-09-01T12:52:31","modified_gmt":"2026-09-01T12:52:31","slug":"exposicion-nuestra-vision-de-la-rioja-alta-iii-edicion","status":"publish","type":"post","link":"https:\/\/www.fotora.org\/index.php\/2026\/09\/01\/exposicion-nuestra-vision-de-la-rioja-alta-iii-edicion\/","title":{"rendered":"Exposici\u00f3n \u201cNUESTRA VISI\u00d3N DE LA RIOJA ALTA\u201d III edici\u00f3n"},"content":{"rendered":"\n<p>Saludos compa\u00f1eros,<br><br>Desde FOTORA nos enorgullece comunicaros que la exposici\u00f3n <strong>Nuestra Visi\u00f3n de La Rioja Alta<\/strong> va a volver a estar disponible para el p\u00fablico, esta vez en N\u00e1jera. Recordaros que est\u00e1 compuesta por un total de 20 obras de gran formato en la que los miembros del colectivo ofrecen su visi\u00f3n personal y art\u00edstica sobre la riqueza paisaj\u00edstica y cultural de La Rioja Alta.<\/p>\n\n\n\n<p>El viernes d\u00eda 4 de septiembre tenemos la inauguraci\u00f3n en N\u00e1jera a las 19:30h y habr\u00e1 charla inicial de los socios participantes<\/p>\n\n\n\n<p>La exposici\u00f3n estar\u00e1 disponible de acceso p\u00fablico y gratuito desde el <strong>4 al 14 de Septiembre<\/strong> en la <strong>Sala Anexa al Cine Doga<\/strong> de lunes a viernes de 10 a 13h y de 18 a 21h.<\/p>\n\n\n\n<p>\u00a1\u00a1\u00a1Est\u00e1is todos invitados, os esperamos!!!<\/p>\n\n\n\n<p><\/p>\n","protected":false},"excerpt":{"rendered":"<p>Saludos compa\u00f1eros, Desde FOTORA nos enorgullece comunicaros que la exposici\u00f3n Nuestra Visi\u00f3n de La Rioja Alta va a volver a estar disponible para el p\u00fablico, esta vez en N\u00e1jera. Recordaros que est\u00e1 compuesta por un total de 20 obras de gran formato en la que los miembros del colectivo ofrecen su visi\u00f3n personal y art\u00edstica &hellip;<\/p>\n<p class=\"read-more\"> <a class=\"\" href=\"https:\/\/www.fotora.org\/index.php\/2026\/09\/01\/exposicion-nuestra-vision-de-la-rioja-alta-iii-edicion\/\"> <span class=\"screen-reader-text\">Exposici\u00f3n \u201cNUESTRA VISI\u00d3N DE LA RIOJA ALTA\u201d III edici\u00f3n<\/span> Leer m\u00e1s &raquo;<\/a><\/p>\n","protected":false},"author":1,"featured_media":945,"comment_status":"closed","ping_status":"","sticky":false,"template":"","format":"standard","meta":{"_uag_custom_page_level_css":"","site-sidebar-layout":"default","site-content-layout":"","ast-site-content-layout":"","site-content-style":"default","site-sidebar-style":"default","ast-global-header-display":"","ast-banner-title-visibility":"","ast-main-header-display":"","ast-hfb-above-header-display":"","ast-hfb-below-header-display":"","ast-hfb-mobile-header-display":"","site-post-title":"","ast-breadcrumbs-content":"","ast-featured-img":"","footer-sml-layout":"","theme-transparent-header-meta":"","adv-header-id-meta":"","stick-header-meta":"","header-above-stick-meta":"","header-main-stick-meta":"","header-below-stick-meta":"","astra-migrate-meta-layouts":"","footnotes":""},"categories":[9,6],"tags":[],"class_list":["post-944","post","type-post","status-publish","format-standard","has-post-thumbnail","hentry","category-exposiciones","category-noticias"],"uagb_featured_image_src":{"full":["https:\/\/www.fotora.org\/wp-content\/uploads\/2026\/09\/photo_2026-08-31_22-07-44.jpg",905,1280,false],"thumbnail":["https:\/\/www.fotora.org\/wp-content\/uploads\/2026\/09\/photo_2026-08-31_22-07-44-150x150.jpg",150,150,true],"medium":["https:\/\/www.fotora.org\/wp-content\/uploads\/2026\/09\/photo_2026-08-31_22-07-44-212x300.jpg",212,300,true],"medium_large":["https:\/\/www.fotora.org\/wp-content\/uploads\/2026\/09\/photo_2026-08-31_22-07-44-768x1086.jpg",768,1086,true],"large":["https:\/\/www.fotora.org\/wp-content\/uploads\/2026\/09\/photo_2026-08-31_22-07-44-848x1200.jpg",848,1200,true],"1536x1536":["https:\/\/www.fotora.org\/wp-content\/uploads\/2026\/09\/photo_2026-08-31_22-07-44.jpg",905,1280,false],"2048x2048":["https:\/\/www.fotora.org\/wp-content\/uploads\/2026\/09\/photo_2026-08-31_22-07-44.jpg",905,1280,false]},"uagb_author_info":{"display_name":"FOTORITO6326","author_link":"https:\/\/www.fotora.org\/index.php\/author\/fotorito6326\/"},"uagb_comment_info":0,"uagb_excerpt":"Saludos compa\u00f1eros, Desde FOTORA nos enorgullece comunicaros que la exposici\u00f3n Nuestra Visi\u00f3n de La Rioja Alta va a volver a estar disponible para el p\u00fablico, esta vez en N\u00e1jera. Recordaros que est\u00e1 compuesta por un total de 20 obras de gran formato en la que los miembros del colectivo ofrecen su visi\u00f3n personal y art\u00edstica&hellip;","_links":{"self":[{"href":"https:\/\/www.fotora.org\/index.php\/wp-json\/wp\/v2\/posts\/944","targetHints":{"allow":["GET"]}}],"collection":[{"href":"https:\/\/www.fotora.org\/index.php\/wp-json\/wp\/v2\/posts"}],"about":[{"href":"https:\/\/www.fotora.org\/index.php\/wp-json\/wp\/v2\/types\/post"}],"author":[{"embeddable":true,"href":"https:\/\/www.fotora.org\/index.php\/wp-json\/wp\/v2\/users\/1"}],"replies":[{"embeddable":true,"href":"https:\/\/www.fotora.org\/index.php\/wp-json\/wp\/v2\/comments?post=944"}],"version-history":[{"count":3,"href":"https:\/\/www.fotora.org\/index.php\/wp-json\/wp\/v2\/posts\/944\/revisions"}],"predecessor-version":[{"id":948,"href":"https:\/\/www.fotora.org\/index.php\/wp-json\/wp\/v2\/posts\/944\/revisions\/948"}],"wp:featuredmedia":[{"embeddable":true,"href":"https:\/\/www.fotora.org\/index.php\/wp-json\/wp\/v2\/media\/945"}],"wp:attachment":[{"href":"https:\/\/www.fotora.org\/index.php\/wp-json\/wp\/v2\/media?parent=944"}],"wp:term":[{"taxonomy":"category","embeddable":true,"href":"https:\/\/www.fotora.org\/index.php\/wp-json\/wp\/v2\/categories?post=944"},{"taxonomy":"post_tag","embeddable":true,"href":"https:\/\/www.fotora.org\/index.php\/wp-json\/wp\/v2\/tags?post=944"}],"curies":[{"name":"wp","href":"https:\/\/api.w.org\/{rel}","templated":true}]}}